{"id":540,"date":"2020-02-21T10:21:07","date_gmt":"2020-02-21T09:21:07","guid":{"rendered":"http:\/\/sklepimed.pl\/blog\/?p=540"},"modified":"2023-03-10T11:00:15","modified_gmt":"2023-03-10T10:00:15","slug":"sprzet-rehabilitacyjny-nowy-uzywany-czy-pozyczony","status":"publish","type":"post","link":"https:\/\/sklepimed.pl\/blog\/sprzet-rehabilitacyjny-nowy-uzywany-czy-pozyczony\/","title":{"rendered":"Sprz\u0119t rehabilitacyjny \u2014 nowy, u\u017cywany czy po\u017cyczony?"},"content":{"rendered":"\n<p>Osoba z niepe\u0142nosprawno\u015bci\u0105, po wypadku czy zabiegu ma kilka mo\u017cliwo\u015bci zdobycia wysokiej klasy sprz\u0119tu rehabilitacyjnego, dzi\u0119ki kt\u00f3remu szybciej dojdzie do pe\u0142ni si\u0142 lub b\u0119dzie mog\u0142a samodzielnie funkcjonowa\u0107. W sklepie medycznym nie brakuje sprz\u0119tu rehabilitacyjnego nowego, ale tak\u017ce u\u017cywanego na sprzeda\u017c, czy gotowego do wypo\u017cyczenia na kilka dni, tygodni albo nawet miesi\u0119cy. Z jakiego skorzysta\u0107? Czy lepszy jest sprz\u0119t rehabilitacyjny nowy, czy u\u017cywany?<\/p>\n\n\n\n<h2>Nowy sprz\u0119t rehabilitacyjny<\/h2>\n\n\n\n<p>Sprz\u0119t rehabilitacyjny nowy polecany jest przede wszystkim osobom z niepe\u0142nosprawno\u015bci\u0105 czasow\u0105 lub sta\u0142\u0105, kt\u00f3re maj\u0105 indywidualne potrzeby. Na zakup nowego sprz\u0119tu rehabilitacyjnego powinny wi\u0119c zdecydowa\u0107 si\u0119 te osoby lub opiekunowie pacjent\u00f3w, kt\u00f3rych stan wymaga dopasowania produktu. Najcz\u0119\u015bciej dzieje si\u0119 tak w przypadku niekt\u00f3rych predyspozycji, zalece\u0144 specjalist\u00f3w czy zale\u017cy od specyfiki urazu albo schorzenia. Takimi produktami zwykle s\u0105 ortezy, ko\u0142nierze ortopedyczne, a tak\u017ce wk\u0142adki ortopedyczne. Na nieu\u017cywane sprz\u0119ty decyduj\u0105 si\u0119 tak\u017ce pacjenci, kt\u00f3rzy wiedz\u0105, \u017ce b\u0119d\u0105 z niego korzystali nawet przez d\u0142ugie lata. S\u0105 to mi\u0119dzy innymi w\u00f3zki inwalidzkie albo materace przeciwodle\u017cynowe, czyli produkty, kt\u00f3re musz\u0105 gwarantowa\u0107 maksymalny komfort pacjenta. Skoro b\u0119d\u0105 u\u017cywane przez d\u0142ugi czas, wypo\u017cyczenie mo\u017ce by\u0107 zupe\u0142nie nieop\u0142acalne, a sprz\u0119t u\u017cywany nie gwarantuje a\u017c tak d\u0142ugiej \u017cywotno\u015bci.&nbsp;<br><\/p>\n\n\n\n<p>Na pewno nie powinno si\u0119 korzysta\u0107 z u\u017cywanych sprz\u0119t\u00f3w osobistych, takich jak nak\u0142adek na toalet\u0119, taborety i siedziska prysznicowe, krzes\u0142o toaletowe. U\u017cywane, nawet dok\u0142adnie wyczyszczone, nie gwarantuj\u0105 idealnej higieny. Jednocze\u015bnie nie s\u0105 to sprz\u0119ty bardzo drogie, dlatego najlepiej kupi\u0107 je nowe, w sklepie medycznym.<\/p>\n\n\n\n<h2>Wypo\u017cyczalnia sprz\u0119tu rehabilitacyjnego<\/h2>\n\n\n\n<p>Z <a rel=\"noreferrer noopener\" aria-label=\"wypo\u017cyczalni sprz\u0119tu medycznego (otwiera si\u0119 na nowej zak\u0142adce)\" href=\"https:\/\/sklepimed.pl\/12-wynajem-sprzetu-rehabilitacyjnego\" target=\"_blank\"><strong><em>wypo\u017cyczalni sprz\u0119tu medycznego<\/em><\/strong><\/a><strong><em> <\/em><\/strong>warto skorzysta\u0107 w przypadku urazu kr\u00f3tkotrwa\u0142ego lub rekonwalescencji po zabiegu. Do najcz\u0119\u015bciej wynajmowanych sprz\u0119t\u00f3w nale\u017c\u0105 kule, \u0142\u00f3\u017cka rehabilitacyjne, w\u00f3zki inwalidzkie, szyny CPM i inne urz\u0105dzenia, kt\u00f3re po okresie leczenia i rehabilitacji mo\u017cna przekaza\u0107 kolejnemu pacjentowi, ale te\u017c bywaj\u0105 na tyle kosztowne, \u017ce ich zakup si\u0119 nie op\u0142aca. Przyk\u0142adem mo\u017ce by\u0107 w\u0142a\u015bnie \u0142\u00f3\u017cko rehabilitacyjne czy koncentrator tlenu. Koszty miesi\u0119czne to 100-200 z\u0142 za wypo\u017cyczenie, a zakup urz\u0105dzenia wymaga inwestycji nawet kilkunastu tysi\u0119cy. Dobra wypo\u017cyczalnia sprz\u0119tu rehabilitacyjnego posiada kilka urz\u0105dze\u0144 tego samego typu, zwykle bardzo dobrej jako\u015bci, sprawnych technicznie i regularnie serwisowanych. Wystarczy wi\u0119c zg\u0142osi\u0107 zapotrzebowanie, okre\u015bli\u0107 czas, na jaki b\u0119dzie to urz\u0105dzenie niezb\u0119dne i wnosi\u0107 co miesi\u0105c op\u0142aty za wynajem. Cz\u0119sto te\u017c wynaj\u0119cie sprz\u0119tu rehabilitacyjnego jest okazj\u0105 do jego przetestowania. Kiedy oka\u017ce si\u0119, \u017ce konieczny jest jednak zakup, wiadomo ju\u017c, kt\u00f3ry spe\u0142nia wszelkie wymogi pacjenta.\u00a0<br><\/p>\n\n\n\n<h2>U\u017cywany sprz\u0119t rehabilitacyjny<\/h2>\n\n\n\n<p>Wiele sprz\u0119t\u00f3w rehabilitacyjnych z drugiej r\u0119ki nadaje si\u0119 do u\u017cytku, a wzgl\u0119dy finansowe powoduj\u0105, \u017ce pacjenci s\u0105 sk\u0142onni wybra\u0107 w\u0142a\u015bnie ten u\u017cywany. U\u017cywane \u0142\u00f3\u017cko rehabilitacyjne s\u0142u\u017cy tak samo dobrze, jak nowe, jest natomiast sporo ta\u0144sze. Jest te\u017c na pewno znacznie wygodniejsze dla pacjenta, ni\u017c \u0142\u00f3zko tradycyjne. Podobnie jest z w\u00f3zkami inwalidzkimi, zar\u00f3wno tradycyjnymi, jak i elektrycznymi. Warto jednak zdecydowa\u0107 si\u0119 na zakup u\u017cywanego sprz\u0119tu z legalnego i sprawdzonego \u017ar\u00f3d\u0142a. Lepiej nie kupowa\u0107 od os\u00f3b prywatnych, kt\u00f3re wystawiaj\u0105 og\u0142oszenia, ale ze<a rel=\"noreferrer noopener\" aria-label=\" sklepu medycznego (otwiera si\u0119 na nowej zak\u0142adce)\" href=\"https:\/\/sklepimed.pl\/14-sprzet-rehabilitacyjny-uzywany\" target=\"_blank\"> <strong><em>sklepu medycznego<\/em><\/strong><\/a>, gdzie ka\u017cdy produkt wystawiony na sprzeda\u017c jest dok\u0142adnie sprawdzony, serwisowany i oddawany do u\u017cytku w bardzo dobrym stanie. Tylko wtedy mamy pewno\u015b\u0107, \u017ce urz\u0105dzenie jest bezpieczne, sprawne i nawet mo\u017ce by\u0107 obj\u0119te okresem gwarancji.\u00a0<br><\/p>\n","protected":false},"excerpt":{"rendered":"<p>Osoba z niepe\u0142nosprawno\u015bci\u0105, po wypadku czy zabiegu ma kilka mo\u017cliwo\u015bci zdobycia wysokiej klasy sprz\u0119tu rehabilitacyjnego, dzi\u0119ki kt\u00f3remu szybciej dojdzie do pe\u0142ni si\u0142 lub b\u0119dzie mog\u0142a samodzielnie funkcjonowa\u0107. W sklepie medycznym [&hellip;]<\/p>\n","protected":false},"author":2,"featured_media":0,"comment_status":"closed","ping_status":"open","sticky":false,"template":"","format":"standard","meta":[],"categories":[1],"tags":[107,26,120,121,119,27,29],"yoast_head":"<!-- This site is optimized with the Yoast SEO plugin v19.14 - https:\/\/yoast.com\/wordpress\/plugins\/seo\/ -->\n<title>Sprz\u0119t rehabilitacyjny \u2014 nowy, u\u017cywany czy po\u017cyczony? | Sklep IMED<\/title>\n<meta name=\"robots\" content=\"index, follow, max-snippet:-1, max-image-preview:large, max-video-preview:-1\" \/>\n<link rel=\"canonical\" href=\"https:\/\/sklepimed.pl\/blog\/sprzet-rehabilitacyjny-nowy-uzywany-czy-pozyczony\/\" \/>\n<meta property=\"og:locale\" content=\"pl_PL\" \/>\n<meta property=\"og:type\" content=\"article\" \/>\n<meta property=\"og:title\" content=\"Sprz\u0119t rehabilitacyjny \u2014 nowy, u\u017cywany czy po\u017cyczony? | Sklep IMED\" \/>\n<meta property=\"og:description\" content=\"Osoba z niepe\u0142nosprawno\u015bci\u0105, po wypadku czy zabiegu ma kilka mo\u017cliwo\u015bci zdobycia wysokiej klasy sprz\u0119tu rehabilitacyjnego, dzi\u0119ki kt\u00f3remu szybciej dojdzie do pe\u0142ni si\u0142 lub b\u0119dzie mog\u0142a samodzielnie funkcjonowa\u0107. W sklepie medycznym [&hellip;]\" \/>\n<meta property=\"og:url\" content=\"https:\/\/sklepimed.pl\/blog\/sprzet-rehabilitacyjny-nowy-uzywany-czy-pozyczony\/\" \/>\n<meta property=\"og:site_name\" content=\"Sklep IMED\" \/>\n<meta property=\"article:published_time\" content=\"2020-02-21T09:21:07+00:00\" \/>\n<meta property=\"article:modified_time\" content=\"2023-03-10T10:00:15+00:00\" \/>\n<meta name=\"author\" content=\"Iwona Ogonowska\" \/>\n<meta name=\"twitter:card\" content=\"summary_large_image\" \/>\n<meta name=\"twitter:label1\" content=\"Napisane przez\" \/>\n\t<meta name=\"twitter:data1\" content=\"Iwona Ogonowska\" \/>\n\t<meta name=\"twitter:label2\" content=\"Szacowany czas czytania\" \/>\n\t<meta name=\"twitter:data2\" content=\"3 minuty\" \/>\n<script type=\"application\/ld+json\" class=\"yoast-schema-graph\">{\"@context\":\"https:\/\/schema.org\",\"@graph\":[{\"@type\":\"WebPage\",\"@id\":\"https:\/\/sklepimed.pl\/blog\/sprzet-rehabilitacyjny-nowy-uzywany-czy-pozyczony\/\",\"url\":\"https:\/\/sklepimed.pl\/blog\/sprzet-rehabilitacyjny-nowy-uzywany-czy-pozyczony\/\",\"name\":\"Sprz\u0119t rehabilitacyjny \u2014 nowy, u\u017cywany czy po\u017cyczony? | Sklep IMED\",\"isPartOf\":{\"@id\":\"https:\/\/sklepimed.pl\/blog\/#website\"},\"datePublished\":\"2020-02-21T09:21:07+00:00\",\"dateModified\":\"2023-03-10T10:00:15+00:00\",\"author\":{\"@id\":\"https:\/\/sklepimed.pl\/blog\/#\/schema\/person\/ba8258246c3df945a495182a3f6a3fc6\"},\"breadcrumb\":{\"@id\":\"https:\/\/sklepimed.pl\/blog\/sprzet-rehabilitacyjny-nowy-uzywany-czy-pozyczony\/#breadcrumb\"},\"inLanguage\":\"pl-PL\",\"potentialAction\":[{\"@type\":\"ReadAction\",\"target\":[\"https:\/\/sklepimed.pl\/blog\/sprzet-rehabilitacyjny-nowy-uzywany-czy-pozyczony\/\"]}]},{\"@type\":\"BreadcrumbList\",\"@id\":\"https:\/\/sklepimed.pl\/blog\/sprzet-rehabilitacyjny-nowy-uzywany-czy-pozyczony\/#breadcrumb\",\"itemListElement\":[{\"@type\":\"ListItem\",\"position\":1,\"name\":\"Blog\",\"item\":\"https:\/\/sklepimed.pl\/blog\/\"},{\"@type\":\"ListItem\",\"position\":2,\"name\":\"Sprz\u0119t rehabilitacyjny \u2014 nowy, u\u017cywany czy po\u017cyczony?\"}]},{\"@type\":\"WebSite\",\"@id\":\"https:\/\/sklepimed.pl\/blog\/#website\",\"url\":\"https:\/\/sklepimed.pl\/blog\/\",\"name\":\"Sklep IMED\",\"description\":\"Blog\",\"potentialAction\":[{\"@type\":\"SearchAction\",\"target\":{\"@type\":\"EntryPoint\",\"urlTemplate\":\"https:\/\/sklepimed.pl\/blog\/?s={search_term_string}\"},\"query-input\":\"required name=search_term_string\"}],\"inLanguage\":\"pl-PL\"},{\"@type\":\"Person\",\"@id\":\"https:\/\/sklepimed.pl\/blog\/#\/schema\/person\/ba8258246c3df945a495182a3f6a3fc6\",\"name\":\"Iwona Ogonowska\",\"url\":\"https:\/\/sklepimed.pl\/blog\/author\/iwona\/\"}]}<\/script>\n<!-- \/ Yoast SEO plugin. -->","yoast_head_json":{"title":"Sprz\u0119t rehabilitacyjny \u2014 nowy, u\u017cywany czy po\u017cyczony? | Sklep IMED","robots":{"index":"index","follow":"follow","max-snippet":"max-snippet:-1","max-image-preview":"max-image-preview:large","max-video-preview":"max-video-preview:-1"},"canonical":"https:\/\/sklepimed.pl\/blog\/sprzet-rehabilitacyjny-nowy-uzywany-czy-pozyczony\/","og_locale":"pl_PL","og_type":"article","og_title":"Sprz\u0119t rehabilitacyjny \u2014 nowy, u\u017cywany czy po\u017cyczony? | Sklep IMED","og_description":"Osoba z niepe\u0142nosprawno\u015bci\u0105, po wypadku czy zabiegu ma kilka mo\u017cliwo\u015bci zdobycia wysokiej klasy sprz\u0119tu rehabilitacyjnego, dzi\u0119ki kt\u00f3remu szybciej dojdzie do pe\u0142ni si\u0142 lub b\u0119dzie mog\u0142a samodzielnie funkcjonowa\u0107. W sklepie medycznym [&hellip;]","og_url":"https:\/\/sklepimed.pl\/blog\/sprzet-rehabilitacyjny-nowy-uzywany-czy-pozyczony\/","og_site_name":"Sklep IMED","article_published_time":"2020-02-21T09:21:07+00:00","article_modified_time":"2023-03-10T10:00:15+00:00","author":"Iwona Ogonowska","twitter_card":"summary_large_image","twitter_misc":{"Napisane przez":"Iwona Ogonowska","Szacowany czas czytania":"3 minuty"},"schema":{"@context":"https:\/\/schema.org","@graph":[{"@type":"WebPage","@id":"https:\/\/sklepimed.pl\/blog\/sprzet-rehabilitacyjny-nowy-uzywany-czy-pozyczony\/","url":"https:\/\/sklepimed.pl\/blog\/sprzet-rehabilitacyjny-nowy-uzywany-czy-pozyczony\/","name":"Sprz\u0119t rehabilitacyjny \u2014 nowy, u\u017cywany czy po\u017cyczony? | Sklep IMED","isPartOf":{"@id":"https:\/\/sklepimed.pl\/blog\/#website"},"datePublished":"2020-02-21T09:21:07+00:00","dateModified":"2023-03-10T10:00:15+00:00","author":{"@id":"https:\/\/sklepimed.pl\/blog\/#\/schema\/person\/ba8258246c3df945a495182a3f6a3fc6"},"breadcrumb":{"@id":"https:\/\/sklepimed.pl\/blog\/sprzet-rehabilitacyjny-nowy-uzywany-czy-pozyczony\/#breadcrumb"},"inLanguage":"pl-PL","potentialAction":[{"@type":"ReadAction","target":["https:\/\/sklepimed.pl\/blog\/sprzet-rehabilitacyjny-nowy-uzywany-czy-pozyczony\/"]}]},{"@type":"BreadcrumbList","@id":"https:\/\/sklepimed.pl\/blog\/sprzet-rehabilitacyjny-nowy-uzywany-czy-pozyczony\/#breadcrumb","itemListElement":[{"@type":"ListItem","position":1,"name":"Blog","item":"https:\/\/sklepimed.pl\/blog\/"},{"@type":"ListItem","position":2,"name":"Sprz\u0119t rehabilitacyjny \u2014 nowy, u\u017cywany czy po\u017cyczony?"}]},{"@type":"WebSite","@id":"https:\/\/sklepimed.pl\/blog\/#website","url":"https:\/\/sklepimed.pl\/blog\/","name":"Sklep IMED","description":"Blog","potentialAction":[{"@type":"SearchAction","target":{"@type":"EntryPoint","urlTemplate":"https:\/\/sklepimed.pl\/blog\/?s={search_term_string}"},"query-input":"required name=search_term_string"}],"inLanguage":"pl-PL"},{"@type":"Person","@id":"https:\/\/sklepimed.pl\/blog\/#\/schema\/person\/ba8258246c3df945a495182a3f6a3fc6","name":"Iwona Ogonowska","url":"https:\/\/sklepimed.pl\/blog\/author\/iwona\/"}]}},"_links":{"self":[{"href":"https:\/\/sklepimed.pl\/blog\/wp-json\/wp\/v2\/posts\/540"}],"collection":[{"href":"https:\/\/sklepimed.pl\/blog\/wp-json\/wp\/v2\/posts"}],"about":[{"href":"https:\/\/sklepimed.pl\/blog\/wp-json\/wp\/v2\/types\/post"}],"author":[{"embeddable":true,"href":"https:\/\/sklepimed.pl\/blog\/wp-json\/wp\/v2\/users\/2"}],"replies":[{"embeddable":true,"href":"https:\/\/sklepimed.pl\/blog\/wp-json\/wp\/v2\/comments?post=540"}],"version-history":[{"count":1,"href":"https:\/\/sklepimed.pl\/blog\/wp-json\/wp\/v2\/posts\/540\/revisions"}],"predecessor-version":[{"id":541,"href":"https:\/\/sklepimed.pl\/blog\/wp-json\/wp\/v2\/posts\/540\/revisions\/541"}],"wp:attachment":[{"href":"https:\/\/sklepimed.pl\/blog\/wp-json\/wp\/v2\/media?parent=540"}],"wp:term":[{"taxonomy":"category","embeddable":true,"href":"https:\/\/sklepimed.pl\/blog\/wp-json\/wp\/v2\/categories?post=540"},{"taxonomy":"post_tag","embeddable":true,"href":"https:\/\/sklepimed.pl\/blog\/wp-json\/wp\/v2\/tags?post=540"}],"curies":[{"name":"wp","href":"https:\/\/api.w.org\/{rel}","templated":true}]}}