{"id":826,"date":"2022-04-22T10:31:46","date_gmt":"2022-04-22T08:31:46","guid":{"rendered":"http:\/\/sklepimed.pl\/blog\/?p=826"},"modified":"2024-02-13T11:34:27","modified_gmt":"2024-02-13T10:34:27","slug":"kiedy-potrzebne-bedzie-lozko-rehabilitacyjne","status":"publish","type":"post","link":"https:\/\/sklepimed.pl\/blog\/kiedy-potrzebne-bedzie-lozko-rehabilitacyjne\/","title":{"rendered":"Kiedy potrzebne b\u0119dzie \u0142\u00f3\u017cko rehabilitacyjne?"},"content":{"rendered":"\n<p>W Twoim domu przebywa osoba niepe\u0142nosprawna ruchowo albo senior? Zastanawiasz si\u0119, jak pom\u00f3c sobie w piel\u0119gnacji takiej osoby oraz jak u\u0142atwi\u0107 jej codzienne funkcjonowanie i podnie\u015b\u0107 komfort \u017cycia? \u0141\u00f3\u017cka rehabilitacyjne stworzono po to, by nie tylko s\u0142u\u017cy\u0142y pacjentom szpitali, o\u015brodk\u00f3w rehabilitacyjnych, sanatori\u00f3w czy dom\u00f3w seniora, ale tak\u017ce zwyk\u0142ym opiekunom zajmuj\u0105cym si\u0119 bliskimi w swoich domach.&nbsp;<\/p>\n\n\n\n<h2>Co to jest \u0142\u00f3\u017cko rehabilitacyjne?<\/h2>\n\n\n\n<p>\u0141\u00f3\u017cko rehabilitacyjne, inaczej medyczne czy szpitalne, jest skonstruowane w inny spos\u00f3b, ni\u017c klasyczne \u0142\u00f3zka domowe. Przede wszystkim jest wy\u017csze, a pozycj\u0119 le\u017cenia mo\u017cna optymalnie dopasowa\u0107 do potrzeb chorego. Poniewa\u017c d\u0142ugotrwa\u0142e, nierzadko 24 h na dob\u0119 le\u017cenie powoduje dyskomfort, a samodzielna zmiana pozycji bywa trudna, musz\u0105 by\u0107 to meble, kt\u00f3re u\u0142atwiaj\u0105 zmian\u0119 u\u0142o\u017cenia cia\u0142a: podniesienie plec\u00f3w, n\u00f3g, samodzielne przekr\u0119cenie si\u0119 i \u0142atwiejsze schodzenie z materaca.&nbsp;<\/p>\n\n\n\n<h2>Przyczyny niepe\u0142nosprawno\u015bci ruchowej<\/h2>\n\n\n\n<p>Istnieje wiele powod\u00f3w, \u017ce pacjent jest niepe\u0142nosprawny ruchowo. Niepe\u0142nosprawno\u015b\u0107 mo\u017ce dotyczy\u0107 ca\u0142ego cia\u0142a albo poszczeg\u00f3lnych cz\u0119\u015bci cia\u0142a, takich jak r\u0119ce czy nogi, mo\u017ce mie\u0107 charakter czasowy albo trwa\u0142y. Przyczyn\u0105 niepe\u0142nosprawno\u015bci mo\u017ce by\u0107:<\/p>\n\n\n\n<ul><li>pora\u017cenie m\u00f3zgowe,&nbsp;<\/li><li>uraz,&nbsp;<\/li><li>stwardnienie rozsiane,&nbsp;<\/li><li>dystrofia mi\u0119\u015bniowa,&nbsp;<\/li><li>uszkodzenie rdzenia kr\u0119gowego,&nbsp;<\/li><li>brak ko\u0144czyn lub ich cz\u0119\u015bci na przyk\u0142ad w wyniku amputacji, wypadku albo zaburze\u0144 w okresie rozwoju p\u0142odowego.&nbsp;<\/li><\/ul>\n\n\n\n<p>Przyczyn\u0105 niepe\u0142nosprawno\u015bci s\u0105 te\u017c:<\/p>\n\n\n\n<ul><li>uszkodzenia uk\u0142adu nerwowego, pojedynczych lub ca\u0142ych grup mi\u0119\u015bni,&nbsp;<\/li><li>pora\u017cenia i niedow\u0142ady,&nbsp;<\/li><li>os\u0142abienie si\u0142y mi\u0119\u015bniowej, kt\u00f3re towarzysz\u0105 osobom z pora\u017ceniem m\u00f3zgowym czy z chorob\u0105 Heinego-Medina.&nbsp;<\/li><\/ul>\n\n\n\n<p>Powodem, dla kt\u00f3rego pacjenci mog\u0105 mie\u0107 problem z poruszaniem si\u0119, bywa te\u017c:<\/p>\n\n\n\n<ul><li>niepoprawne uformowanie szkieletu,&nbsp;<\/li><li>uszkodzenie staw\u00f3w w wyniku wypadku, uprawiania r\u00f3\u017cnych dziedzin sportu,<\/li><li>degradacja zwi\u0105zana z wiekiem albo z cukrzyc\u0105 i chorob\u0105 reumatyczn\u0105.&nbsp;<\/li><\/ul>\n\n\n\n<p>W \u0142\u00f3\u017cku rehabilitacyjnym wygodniej te\u017c seniorom, osobom starszym, kt\u00f3re maj\u0105 trudno\u015bci z poruszaniem si\u0119, wstawaniem z tradycyjnego \u0142\u00f3\u017cka, wymagaj\u0105 czasami pomocy w czynno\u015bciach higienicznych.&nbsp;<br><\/p>\n\n\n\n<h2>\u0141\u00f3\u017cko rehabilitacyjne a zwyk\u0142e<\/h2>\n\n\n\n<p>\u0141\u00f3\u017cka rehabilitacyjne posiadaj\u0105 konstrukcj\u0119 podzielon\u0105 na segmenty. Pacjenta mo\u017cna u\u0142o\u017cy\u0107 w pozycji le\u017c\u0105cej, siedz\u0105cej, p\u00f3\u0142siedz\u0105cej, a nowoczesne \u0142\u00f3\u017cko z pilotem umo\u017cliwia zmian\u0119 tej pozycji bez wysi\u0142ku, a nawet bez udzia\u0142u opiekuna. Chory sam, u\u017cywaj\u0105c odpowiednich przycisk\u00f3w, unosi nogi albo tu\u0142\u00f3w do pozycji, w kt\u00f3rej czuje si\u0119 wygodnie. Mo\u017ce spa\u0107, ale tak\u017ce ogl\u0105da\u0107 wygodnie telewizj\u0119, pracowa\u0107 na komputerze, czy spo\u017cywa\u0107 posi\u0142ki, je\u015bli dodatkowo korzysta ze stolika.&nbsp;<br><\/p>\n\n\n\n<p>Ponadto \u0142\u00f3\u017cko rehabilitacyjne ma k\u00f3\u0142ka umo\u017cliwiaj\u0105ce przesuwanie go w pomieszczeniu, por\u0119cze, kt\u00f3re chroni\u0105 przed wypadni\u0119ciem, mo\u017ce mie\u0107 tak\u017ce uchwyty, kt\u00f3re pomagaj\u0105 podci\u0105ganie si\u0119 i schodzenie z \u0142\u00f3\u017cka. Kupuj\u0105c \u0142\u00f3\u017cko rehabilitacyjne, musimy dodatkowo wyposa\u017cy\u0107 je w materac. W przypadku os\u00f3b, kt\u00f3re wi\u0119kszo\u015b\u0107 czasu sp\u0119dzaj\u0105 unieruchomione, niezb\u0119dny b\u0119dzie materac przeciwodle\u017cynowy.&nbsp;<\/p>\n\n\n\n<h2>\u0141\u00f3\u017cko rehabilitacyjne nie tylko do szpitala<\/h2>\n\n\n\n<p>\u0141\u00f3\u017cka medyczne, szpitalne, rehabilitacyjne nie s\u0105 przeznaczone jedynie do sprzeda\u017cy plac\u00f3wkom medycznym czy opieku\u0144czym. Takie urz\u0105dzenie mo\u017ce kupi\u0107 ka\u017cdy, tak\u017ce z dofinansowaniem z PFRON. Co prawda NFZ nie oferuje dodatkowych \u015brodk\u00f3w na jego zakup, jednak w przypadku opieki nad osob\u0105 niepe\u0142nosprawn\u0105 lub seniorem warto podj\u0105\u0107 trud i poszuka\u0107 ekonomicznego, ale niezawodnego modelu. W przypadku, kiedy bud\u017cet domowy jest bardzo obci\u0105\u017cony, sklep medyczny IMED w Warszawie oferuje nie tylko \u0142\u00f3\u017cka rehabilitacyjne nowe, ale tak\u017ce modele u\u017cywane i <a href=\"https:\/\/sklepimed.pl\/86-lozka-rehabilitacyjne-wynajem\" target=\"_blank\" rel=\"noreferrer noopener\"><em><strong>wynajem \u0142\u00f3\u017cek rehabilitacyjnych<\/strong><\/em><\/a>.\u00a0<br><\/p>\n","protected":false},"excerpt":{"rendered":"<p>W Twoim domu przebywa osoba niepe\u0142nosprawna ruchowo albo senior? Zastanawiasz si\u0119, jak pom\u00f3c sobie w piel\u0119gnacji takiej osoby oraz jak u\u0142atwi\u0107 jej codzienne funkcjonowanie i podnie\u015b\u0107 komfort \u017cycia? \u0141\u00f3\u017cka rehabilitacyjne [&hellip;]<\/p>\n","protected":false},"author":2,"featured_media":0,"comment_status":"closed","ping_status":"open","sticky":false,"template":"","format":"standard","meta":[],"categories":[1],"tags":[25,26,374],"yoast_head":"<!-- This site is optimized with the Yoast SEO plugin v19.14 - https:\/\/yoast.com\/wordpress\/plugins\/seo\/ -->\n<title>Kiedy potrzebne b\u0119dzie \u0142\u00f3\u017cko rehabilitacyjne? | Sklep IMED<\/title>\n<meta name=\"robots\" content=\"index, follow, max-snippet:-1, max-image-preview:large, max-video-preview:-1\" \/>\n<link rel=\"canonical\" href=\"https:\/\/sklepimed.pl\/blog\/kiedy-potrzebne-bedzie-lozko-rehabilitacyjne\/\" \/>\n<meta property=\"og:locale\" content=\"pl_PL\" \/>\n<meta property=\"og:type\" content=\"article\" \/>\n<meta property=\"og:title\" content=\"Kiedy potrzebne b\u0119dzie \u0142\u00f3\u017cko rehabilitacyjne? | Sklep IMED\" \/>\n<meta property=\"og:description\" content=\"W Twoim domu przebywa osoba niepe\u0142nosprawna ruchowo albo senior? Zastanawiasz si\u0119, jak pom\u00f3c sobie w piel\u0119gnacji takiej osoby oraz jak u\u0142atwi\u0107 jej codzienne funkcjonowanie i podnie\u015b\u0107 komfort \u017cycia? \u0141\u00f3\u017cka rehabilitacyjne [&hellip;]\" \/>\n<meta property=\"og:url\" content=\"https:\/\/sklepimed.pl\/blog\/kiedy-potrzebne-bedzie-lozko-rehabilitacyjne\/\" \/>\n<meta property=\"og:site_name\" content=\"Sklep IMED\" \/>\n<meta property=\"article:published_time\" content=\"2022-04-22T08:31:46+00:00\" \/>\n<meta property=\"article:modified_time\" content=\"2024-02-13T10:34:27+00:00\" \/>\n<meta name=\"author\" content=\"Iwona Ogonowska\" \/>\n<meta name=\"twitter:card\" content=\"summary_large_image\" \/>\n<meta name=\"twitter:label1\" content=\"Napisane przez\" \/>\n\t<meta name=\"twitter:data1\" content=\"Iwona Ogonowska\" \/>\n\t<meta name=\"twitter:label2\" content=\"Szacowany czas czytania\" \/>\n\t<meta name=\"twitter:data2\" content=\"3 minuty\" \/>\n<script type=\"application\/ld+json\" class=\"yoast-schema-graph\">{\"@context\":\"https:\/\/schema.org\",\"@graph\":[{\"@type\":\"WebPage\",\"@id\":\"https:\/\/sklepimed.pl\/blog\/kiedy-potrzebne-bedzie-lozko-rehabilitacyjne\/\",\"url\":\"https:\/\/sklepimed.pl\/blog\/kiedy-potrzebne-bedzie-lozko-rehabilitacyjne\/\",\"name\":\"Kiedy potrzebne b\u0119dzie \u0142\u00f3\u017cko rehabilitacyjne? | Sklep IMED\",\"isPartOf\":{\"@id\":\"https:\/\/sklepimed.pl\/blog\/#website\"},\"datePublished\":\"2022-04-22T08:31:46+00:00\",\"dateModified\":\"2024-02-13T10:34:27+00:00\",\"author\":{\"@id\":\"https:\/\/sklepimed.pl\/blog\/#\/schema\/person\/ba8258246c3df945a495182a3f6a3fc6\"},\"breadcrumb\":{\"@id\":\"https:\/\/sklepimed.pl\/blog\/kiedy-potrzebne-bedzie-lozko-rehabilitacyjne\/#breadcrumb\"},\"inLanguage\":\"pl-PL\",\"potentialAction\":[{\"@type\":\"ReadAction\",\"target\":[\"https:\/\/sklepimed.pl\/blog\/kiedy-potrzebne-bedzie-lozko-rehabilitacyjne\/\"]}]},{\"@type\":\"BreadcrumbList\",\"@id\":\"https:\/\/sklepimed.pl\/blog\/kiedy-potrzebne-bedzie-lozko-rehabilitacyjne\/#breadcrumb\",\"itemListElement\":[{\"@type\":\"ListItem\",\"position\":1,\"name\":\"Blog\",\"item\":\"https:\/\/sklepimed.pl\/blog\/\"},{\"@type\":\"ListItem\",\"position\":2,\"name\":\"Kiedy potrzebne b\u0119dzie \u0142\u00f3\u017cko rehabilitacyjne?\"}]},{\"@type\":\"WebSite\",\"@id\":\"https:\/\/sklepimed.pl\/blog\/#website\",\"url\":\"https:\/\/sklepimed.pl\/blog\/\",\"name\":\"Sklep IMED\",\"description\":\"Blog\",\"potentialAction\":[{\"@type\":\"SearchAction\",\"target\":{\"@type\":\"EntryPoint\",\"urlTemplate\":\"https:\/\/sklepimed.pl\/blog\/?s={search_term_string}\"},\"query-input\":\"required name=search_term_string\"}],\"inLanguage\":\"pl-PL\"},{\"@type\":\"Person\",\"@id\":\"https:\/\/sklepimed.pl\/blog\/#\/schema\/person\/ba8258246c3df945a495182a3f6a3fc6\",\"name\":\"Iwona Ogonowska\",\"url\":\"https:\/\/sklepimed.pl\/blog\/author\/iwona\/\"}]}<\/script>\n<!-- \/ Yoast SEO plugin. -->","yoast_head_json":{"title":"Kiedy potrzebne b\u0119dzie \u0142\u00f3\u017cko rehabilitacyjne? | Sklep IMED","robots":{"index":"index","follow":"follow","max-snippet":"max-snippet:-1","max-image-preview":"max-image-preview:large","max-video-preview":"max-video-preview:-1"},"canonical":"https:\/\/sklepimed.pl\/blog\/kiedy-potrzebne-bedzie-lozko-rehabilitacyjne\/","og_locale":"pl_PL","og_type":"article","og_title":"Kiedy potrzebne b\u0119dzie \u0142\u00f3\u017cko rehabilitacyjne? | Sklep IMED","og_description":"W Twoim domu przebywa osoba niepe\u0142nosprawna ruchowo albo senior? Zastanawiasz si\u0119, jak pom\u00f3c sobie w piel\u0119gnacji takiej osoby oraz jak u\u0142atwi\u0107 jej codzienne funkcjonowanie i podnie\u015b\u0107 komfort \u017cycia? \u0141\u00f3\u017cka rehabilitacyjne [&hellip;]","og_url":"https:\/\/sklepimed.pl\/blog\/kiedy-potrzebne-bedzie-lozko-rehabilitacyjne\/","og_site_name":"Sklep IMED","article_published_time":"2022-04-22T08:31:46+00:00","article_modified_time":"2024-02-13T10:34:27+00:00","author":"Iwona Ogonowska","twitter_card":"summary_large_image","twitter_misc":{"Napisane przez":"Iwona Ogonowska","Szacowany czas czytania":"3 minuty"},"schema":{"@context":"https:\/\/schema.org","@graph":[{"@type":"WebPage","@id":"https:\/\/sklepimed.pl\/blog\/kiedy-potrzebne-bedzie-lozko-rehabilitacyjne\/","url":"https:\/\/sklepimed.pl\/blog\/kiedy-potrzebne-bedzie-lozko-rehabilitacyjne\/","name":"Kiedy potrzebne b\u0119dzie \u0142\u00f3\u017cko rehabilitacyjne? | Sklep IMED","isPartOf":{"@id":"https:\/\/sklepimed.pl\/blog\/#website"},"datePublished":"2022-04-22T08:31:46+00:00","dateModified":"2024-02-13T10:34:27+00:00","author":{"@id":"https:\/\/sklepimed.pl\/blog\/#\/schema\/person\/ba8258246c3df945a495182a3f6a3fc6"},"breadcrumb":{"@id":"https:\/\/sklepimed.pl\/blog\/kiedy-potrzebne-bedzie-lozko-rehabilitacyjne\/#breadcrumb"},"inLanguage":"pl-PL","potentialAction":[{"@type":"ReadAction","target":["https:\/\/sklepimed.pl\/blog\/kiedy-potrzebne-bedzie-lozko-rehabilitacyjne\/"]}]},{"@type":"BreadcrumbList","@id":"https:\/\/sklepimed.pl\/blog\/kiedy-potrzebne-bedzie-lozko-rehabilitacyjne\/#breadcrumb","itemListElement":[{"@type":"ListItem","position":1,"name":"Blog","item":"https:\/\/sklepimed.pl\/blog\/"},{"@type":"ListItem","position":2,"name":"Kiedy potrzebne b\u0119dzie \u0142\u00f3\u017cko rehabilitacyjne?"}]},{"@type":"WebSite","@id":"https:\/\/sklepimed.pl\/blog\/#website","url":"https:\/\/sklepimed.pl\/blog\/","name":"Sklep IMED","description":"Blog","potentialAction":[{"@type":"SearchAction","target":{"@type":"EntryPoint","urlTemplate":"https:\/\/sklepimed.pl\/blog\/?s={search_term_string}"},"query-input":"required name=search_term_string"}],"inLanguage":"pl-PL"},{"@type":"Person","@id":"https:\/\/sklepimed.pl\/blog\/#\/schema\/person\/ba8258246c3df945a495182a3f6a3fc6","name":"Iwona Ogonowska","url":"https:\/\/sklepimed.pl\/blog\/author\/iwona\/"}]}},"_links":{"self":[{"href":"https:\/\/sklepimed.pl\/blog\/wp-json\/wp\/v2\/posts\/826"}],"collection":[{"href":"https:\/\/sklepimed.pl\/blog\/wp-json\/wp\/v2\/posts"}],"about":[{"href":"https:\/\/sklepimed.pl\/blog\/wp-json\/wp\/v2\/types\/post"}],"author":[{"embeddable":true,"href":"https:\/\/sklepimed.pl\/blog\/wp-json\/wp\/v2\/users\/2"}],"replies":[{"embeddable":true,"href":"https:\/\/sklepimed.pl\/blog\/wp-json\/wp\/v2\/comments?post=826"}],"version-history":[{"count":3,"href":"https:\/\/sklepimed.pl\/blog\/wp-json\/wp\/v2\/posts\/826\/revisions"}],"predecessor-version":[{"id":1119,"href":"https:\/\/sklepimed.pl\/blog\/wp-json\/wp\/v2\/posts\/826\/revisions\/1119"}],"wp:attachment":[{"href":"https:\/\/sklepimed.pl\/blog\/wp-json\/wp\/v2\/media?parent=826"}],"wp:term":[{"taxonomy":"category","embeddable":true,"href":"https:\/\/sklepimed.pl\/blog\/wp-json\/wp\/v2\/categories?post=826"},{"taxonomy":"post_tag","embeddable":true,"href":"https:\/\/sklepimed.pl\/blog\/wp-json\/wp\/v2\/tags?post=826"}],"curies":[{"name":"wp","href":"https:\/\/api.w.org\/{rel}","templated":true}]}}